{"id":7033,"date":"2021-03-18T11:30:00","date_gmt":"2021-03-18T08:30:00","guid":{"rendered":"https:\/\/teamsolaris.com\/?p=7033"},"modified":"2021-03-18T11:32:25","modified_gmt":"2021-03-18T08:32:25","slug":"18-mart-canakkale-zaferi-kutlu-olsun","status":"publish","type":"post","link":"https:\/\/teamsolaris.com\/tr\/other\/18-mart-canakkale-zaferi-kutlu-olsun\/","title":{"rendered":"18 Mart \u00c7anakkale Zaferi Kutlu Olsun!"},"content":{"rendered":"<figure class=\"wp-block-image size-large\"><img fetchpriority=\"high\" decoding=\"async\" width=\"1024\" height=\"1024\" src=\"https:\/\/teamsolaris.com\/wp-content\/uploads\/2021\/03\/IMG-20210317-WA0024.jpg\" alt=\"\" class=\"wp-image-7034\" srcset=\"https:\/\/teamsolaris.com\/wp-content\/uploads\/2021\/03\/IMG-20210317-WA0024.jpg 1024w, https:\/\/teamsolaris.com\/wp-content\/uploads\/2021\/03\/IMG-20210317-WA0024-768x768.jpg 768w, https:\/\/teamsolaris.com\/wp-content\/uploads\/2021\/03\/IMG-20210317-WA0024-12x12.jpg 12w\" sizes=\"(max-width: 1024px) 100vw, 1024px\" \/><\/figure>\n\n\n\n<p>E\u015fsiz bir kahramanl\u0131k destan\u0131n\u0131n yaz\u0131ld\u0131\u011f\u0131 \u00c7anakkale Zaferi&#8217;mizin 106. y\u0131l\u0131nda; Gazi Mustafa Kemal Atat\u00fcrk&#8217;\u00fc ve bu topraklar\u0131 bize vatan k\u0131lmak i\u00e7in g\u00f6z\u00fcn\u00fc dahi k\u0131rpmadan sava\u015fa giden aziz \u015fehitlerimizi rahmet, minnet ve sayg\u0131yla an\u0131yoruz.<\/p>","protected":false},"excerpt":{"rendered":"<p>E\u015fsiz bir kahramanl\u0131k destan\u0131n\u0131n yaz\u0131ld\u0131\u011f\u0131 \u00c7anakkale Zaferi&#8217;mizin 106. y\u0131l\u0131nda; Gazi Mustafa Kemal Atat\u00fcrk&#8217;\u00fc ve bu topraklar\u0131 bize vatan k\u0131lmak i\u00e7in g\u00f6z\u00fcn\u00fc dahi k\u0131rpmadan sava\u015fa giden aziz \u015fehitlerimizi rahmet, minnet ve sayg\u0131yla an\u0131yoruz.<\/p>","protected":false},"author":1,"featured_media":7034,"comment_status":"closed","ping_status":"open","sticky":false,"template":"","format":"standard","meta":{"_eb_attr":"","_themeisle_gutenberg_block_has_review":false,"footnotes":""},"categories":[35],"tags":[105,104,68,69,75,67,73,74,76,70,63,62,72,65,59,58,66,103],"class_list":["post-7033","post","type-post","status-publish","format-standard","has-post-thumbnail","hentry","category-other","tag-ataturk","tag-canakkale","tag-deu","tag-dokuzeyluluniversitesi","tag-engineer","tag-engineering","tag-muhendis","tag-muhendislik","tag-muhendislikfakultesi","tag-poweredbysun","tag-solarcar","tag-solaris","tag-solarisgunesarabalariekibi","tag-solarpower","tag-solarteamsolaris","tag-teamsolaris","tag-teamwork","tag-turkiye"],"aioseo_notices":[],"_links":{"self":[{"href":"https:\/\/teamsolaris.com\/tr\/wp-json\/wp\/v2\/posts\/7033","targetHints":{"allow":["GET"]}}],"collection":[{"href":"https:\/\/teamsolaris.com\/tr\/wp-json\/wp\/v2\/posts"}],"about":[{"href":"https:\/\/teamsolaris.com\/tr\/wp-json\/wp\/v2\/types\/post"}],"author":[{"embeddable":true,"href":"https:\/\/teamsolaris.com\/tr\/wp-json\/wp\/v2\/users\/1"}],"replies":[{"embeddable":true,"href":"https:\/\/teamsolaris.com\/tr\/wp-json\/wp\/v2\/comments?post=7033"}],"version-history":[{"count":2,"href":"https:\/\/teamsolaris.com\/tr\/wp-json\/wp\/v2\/posts\/7033\/revisions"}],"predecessor-version":[{"id":7037,"href":"https:\/\/teamsolaris.com\/tr\/wp-json\/wp\/v2\/posts\/7033\/revisions\/7037"}],"wp:featuredmedia":[{"embeddable":true,"href":"https:\/\/teamsolaris.com\/tr\/wp-json\/wp\/v2\/media\/7034"}],"wp:attachment":[{"href":"https:\/\/teamsolaris.com\/tr\/wp-json\/wp\/v2\/media?parent=7033"}],"wp:term":[{"taxonomy":"category","embeddable":true,"href":"https:\/\/teamsolaris.com\/tr\/wp-json\/wp\/v2\/categories?post=7033"},{"taxonomy":"post_tag","embeddable":true,"href":"https:\/\/teamsolaris.com\/tr\/wp-json\/wp\/v2\/tags?post=7033"}],"curies":[{"name":"wp","href":"https:\/\/api.w.org\/{rel}","templated":true}]}}